{"id":399,"date":"2008-02-05T13:26:25","date_gmt":"2008-02-05T12:26:25","guid":{"rendered":"http:\/\/www.heibel-unplugged.de\/399,marktanalyse-aufloesung-der-yen-carry-trades-fuehrt-zu-steigendem-yen\/"},"modified":"2022-02-09T10:19:34","modified_gmt":"2022-02-09T09:19:34","slug":"marktanalyse-aufloesung-der-yen-carry-trades-fuehrt-zu-steigendem-yen","status":"publish","type":"post","link":"https:\/\/www.heibel-ticker.de\/blog\/marktanalyse-aufloesung-der-yen-carry-trades-fuehrt-zu-steigendem-yen\/","title":{"rendered":"Marktanalyse: Aufl\u00f6sung der Yen-Carry-Trades f\u00fchrt zu steigendem Yen"},"content":{"rendered":"<p>Sehr geehrter Herr Heibel,<\/p>\n<p>ich verstehe nicht, warum der Yen steigt, wenn die Carry-Trades aufgel\u00f6st werden. Die W\u00e4hrung Yen wird doch zur\u00fcckgegeben, weil der Schuldner sie nicht mehr &#8222;will&#8220;. Dadurch f\u00e4llt die Nachfrage nach dem Yen und die W\u00e4hrung m\u00fcsste fallen.<\/p>\n<p><img decoding=\"async\" src=\"http:\/\/isht.comdirect.de\/charts\/small.ewf.chart?hist=6m&amp;sSym=DJPYEUR.TGT\" alt=\"6 Monatschart EURO\/YEN\" height=\"136\" width=\"200\" title=\"\"><br \/>\n6-Monatschart EURO\/YEN<\/p>\n<p>Vielen Dank, Martin aus Meckenheim<\/p>\n<p>P.S.: Ich finde es gut, dass Sie die jeweils letzten Kommentare zu den beobachteten Werten zusammengefasst und auf einen Klick zug\u00e4nglich gemacht haben.<\/p>\n<p>ANTWORT:<\/p>\n<p>Nein, die Schuldner haben ja nicht Yen im Tresor liegen.<\/p>\n<p>Schauen Sie einmal an die Entstehung des Carry-Trades: Ein deutscher H\u00e4uslebauer braucht einen Kredit, um das Haus zu bezahlen. Er nimmt diesen Kredit nicht in Euro auf, sondern in Yen. Die Verzinsung war niedrig (1%), der Yen wurde gleichzeitig schw\u00e4cher. Dies war eine g\u00fcnstige Konstellation f\u00fcr ihn.<\/p>\n<p>Nun ist der Zins in Japan etwas gestiegen und, viel wichtiger noch, der Yen steigt. Wenn er beispielsweise eine Kreditsumme von 100.000 Euro aufgenommen hatte, dann reichten bei fallendem Yen sp\u00e4ter weniger Euro aus, um diesen Kredit zur\u00fcck zu zahlen. Bei steigendem Yen muss er mehr Euro aufwenden, um die Yen-Kreditsumme zur\u00fcck zu zahlen.<\/p>\n<p>Die R\u00fcckzahlung erfolgt, indem er den entsprechenden Euro-Betrag von seinem Konto in Yen umtausch (also Yen kauft!) und anschlie\u00dfend die Kreditsumme tilgt. Es werden also Yen gekauft, was die Nachfrage nach dem Yen weiter anheizt und den Yen weiter steigen l\u00e4sst.<\/p>\n<p>War das verst\u00e4ndlicher?{weiter[40|9]}<\/p>\n","protected":false},"excerpt":{"rendered":"<p>Sehr geehrter Herr Heibel, ich verstehe nicht, warum der Yen steigt, wenn die Carry-Trades aufgel\u00f6st werden. Die W\u00e4hrung Yen wird doch zur\u00fcckgegeben, weil der Schuldner sie nicht mehr &#8222;will&#8220;. Dadurch f\u00e4llt die Nachfrage nach dem Yen und die W\u00e4hrung m\u00fcsste fallen. 6-Monatschart EURO\/YEN Vielen Dank, Martin aus Meckenheim P.S.: Ich finde es gut, dass Sie [&hellip;]<\/p>\n","protected":false},"author":1,"featured_media":0,"comment_status":"closed","ping_status":"open","sticky":false,"template":"","format":"standard","meta":{"footnotes":""},"categories":[2],"tags":[9,11,15,10,12],"class_list":["post-399","post","type-post","status-publish","format-standard","hentry","category-leserfragen","tag-aktien-analyse","tag-aktien-boerse","tag-boersenanalyse","tag-boersenbrief","tag-boersenkurse"],"_links":{"self":[{"href":"https:\/\/www.heibel-ticker.de\/blog\/wp-json\/wp\/v2\/posts\/399","targetHints":{"allow":["GET"]}}],"collection":[{"href":"https:\/\/www.heibel-ticker.de\/blog\/wp-json\/wp\/v2\/posts"}],"about":[{"href":"https:\/\/www.heibel-ticker.de\/blog\/wp-json\/wp\/v2\/types\/post"}],"author":[{"embeddable":true,"href":"https:\/\/www.heibel-ticker.de\/blog\/wp-json\/wp\/v2\/users\/1"}],"replies":[{"embeddable":true,"href":"https:\/\/www.heibel-ticker.de\/blog\/wp-json\/wp\/v2\/comments?post=399"}],"version-history":[{"count":1,"href":"https:\/\/www.heibel-ticker.de\/blog\/wp-json\/wp\/v2\/posts\/399\/revisions"}],"predecessor-version":[{"id":6044,"href":"https:\/\/www.heibel-ticker.de\/blog\/wp-json\/wp\/v2\/posts\/399\/revisions\/6044"}],"wp:attachment":[{"href":"https:\/\/www.heibel-ticker.de\/blog\/wp-json\/wp\/v2\/media?parent=399"}],"wp:term":[{"taxonomy":"category","embeddable":true,"href":"https:\/\/www.heibel-ticker.de\/blog\/wp-json\/wp\/v2\/categories?post=399"},{"taxonomy":"post_tag","embeddable":true,"href":"https:\/\/www.heibel-ticker.de\/blog\/wp-json\/wp\/v2\/tags?post=399"}],"curies":[{"name":"wp","href":"https:\/\/api.w.org\/{rel}","templated":true}]}}