{"id":400,"date":"2008-02-05T13:48:25","date_gmt":"2008-02-05T12:48:25","guid":{"rendered":"http:\/\/www.heibel-unplugged.de\/400,marktanalyse-spekulation-auf-fallende-kurse-derzeit-nicht-ratsam\/"},"modified":"2022-02-09T10:19:34","modified_gmt":"2022-02-09T09:19:34","slug":"marktanalyse-spekulation-auf-fallende-kurse-derzeit-nicht-ratsam","status":"publish","type":"post","link":"https:\/\/www.heibel-ticker.de\/blog\/marktanalyse-spekulation-auf-fallende-kurse-derzeit-nicht-ratsam\/","title":{"rendered":"Marktanalyse: Spekulation auf fallende Kurse derzeit nicht ratsam"},"content":{"rendered":"<p>Hallo Herr Heibel,<\/p>\n<p>h\u00e4tten Sie ein Spekulation auf fallende Kurse im \u00c4rmel?<\/p>\n<p>Nach der Erhohlungsrallye und der folgenden Zinssenkung zieht sich der DAX wohl auch wieder in eine Art Versenkung zur\u00fcck. Wie weit meinen Sie kann es zur\u00fcckgehen?<\/p>\n<p><img decoding=\"async\" src=\"http:\/\/isht.comdirect.de\/charts\/big.chart?hist=6m&amp;type=CONNECTLINE&amp;ind0=VOLUME&amp;&amp;currency=&amp;&amp;lSyms=DAX.ETR&amp;lColors=0x000000&amp;sSym=DAX.ETR&amp;hcmask=\" alt=\"6-Monatschart DAX\" height=\"443\" width=\"417\" title=\"\"><\/p>\n<p>6-Monatschart DAX<\/p>\n<p>Vielen Dank auch f\u00fcr die vielen Updates in der Krise. Das schwei\u00dft sicher auch Ihre Leserschaft zusammen. Zumal Ihre Einsch\u00e4tzung wieder mal gepasst hat.<\/p>\n<p>Gru\u00df, Wolfgang aus Bad Reichenhall<\/p>\n<p>ANTWORT:<\/p>\n<p>Ich werde kommenden Freitag der Frage nachgehen, ob die Erholung der vergangenen Wochen nur eine Zwischenerholung in einer langen Baisse ist, oder ob der Boden gefunden wurde und die neue Rallye nur eine Verschnaufpause macht. Ich favorisiere letzteres: Wir sind in einem neuen Bullenmarkt. Daher w\u00fcrde ich in einem solchen Umfeld nicht auf fallende Kurse setzen, ist zu riskant. {weiter[40|9]}<\/p>\n","protected":false},"excerpt":{"rendered":"<p>Hallo Herr Heibel, h\u00e4tten Sie ein Spekulation auf fallende Kurse im \u00c4rmel? Nach der Erhohlungsrallye und der folgenden Zinssenkung zieht sich der DAX wohl auch wieder in eine Art Versenkung zur\u00fcck. Wie weit meinen Sie kann es zur\u00fcckgehen? 6-Monatschart DAX Vielen Dank auch f\u00fcr die vielen Updates in der Krise. Das schwei\u00dft sicher auch Ihre [&hellip;]<\/p>\n","protected":false},"author":1,"featured_media":0,"comment_status":"closed","ping_status":"open","sticky":false,"template":"","format":"standard","meta":{"footnotes":""},"categories":[2],"tags":[9,11,15,10,12],"class_list":["post-400","post","type-post","status-publish","format-standard","hentry","category-leserfragen","tag-aktien-analyse","tag-aktien-boerse","tag-boersenanalyse","tag-boersenbrief","tag-boersenkurse"],"_links":{"self":[{"href":"https:\/\/www.heibel-ticker.de\/blog\/wp-json\/wp\/v2\/posts\/400","targetHints":{"allow":["GET"]}}],"collection":[{"href":"https:\/\/www.heibel-ticker.de\/blog\/wp-json\/wp\/v2\/posts"}],"about":[{"href":"https:\/\/www.heibel-ticker.de\/blog\/wp-json\/wp\/v2\/types\/post"}],"author":[{"embeddable":true,"href":"https:\/\/www.heibel-ticker.de\/blog\/wp-json\/wp\/v2\/users\/1"}],"replies":[{"embeddable":true,"href":"https:\/\/www.heibel-ticker.de\/blog\/wp-json\/wp\/v2\/comments?post=400"}],"version-history":[{"count":1,"href":"https:\/\/www.heibel-ticker.de\/blog\/wp-json\/wp\/v2\/posts\/400\/revisions"}],"predecessor-version":[{"id":6046,"href":"https:\/\/www.heibel-ticker.de\/blog\/wp-json\/wp\/v2\/posts\/400\/revisions\/6046"}],"wp:attachment":[{"href":"https:\/\/www.heibel-ticker.de\/blog\/wp-json\/wp\/v2\/media?parent=400"}],"wp:term":[{"taxonomy":"category","embeddable":true,"href":"https:\/\/www.heibel-ticker.de\/blog\/wp-json\/wp\/v2\/categories?post=400"},{"taxonomy":"post_tag","embeddable":true,"href":"https:\/\/www.heibel-ticker.de\/blog\/wp-json\/wp\/v2\/tags?post=400"}],"curies":[{"name":"wp","href":"https:\/\/api.w.org\/{rel}","templated":true}]}}