{"id":406,"date":"2008-02-07T10:10:14","date_gmt":"2008-02-07T09:10:14","guid":{"rendered":"http:\/\/www.heibel-unplugged.de\/406,aktien-analyse-porsche-kaufen-und-halten-solange-wiedeking-regiert\/"},"modified":"2022-02-09T10:13:57","modified_gmt":"2022-02-09T09:13:57","slug":"aktien-analyse-porsche-kaufen-und-halten-solange-wiedeking-regiert","status":"publish","type":"post","link":"https:\/\/www.heibel-ticker.de\/blog\/aktien-analyse-porsche-kaufen-und-halten-solange-wiedeking-regiert\/","title":{"rendered":"Aktien Analyse: Porsche Kaufen und halten, solange Wiedeking regiert"},"content":{"rendered":"<p>Sehr geehrter Herr Heibel,<\/p>\n<p>vor einigen Jahren war ich in Porsche investiert. Leider habe ich damals zu fr\u00fch verkauft und konnte am gro\u00dfen Anstieg nicht teilhaben. In den letzten 3 Monaten hat Porsche (WKN 693773) 40% verloren. Spricht aus Ihrer Sicht etwas dagegen zum jetzigen Kurs einzukaufen oder erwarten Sie weitere Verluste? Die Anlage ist langfristig geplant.<\/p>\n<p><img decoding=\"async\" src=\"https:\/\/isht.comdirect.de\/charts\/small.ewf.chart?hist=5y&amp;sSym=POR3.ETR\" alt=\"\" title=\"\"><\/p>\n<p>5-Jahreschart Porsche<\/p>\n<p>Ein kurzer Dank noch f\u00fcr Ihre unterhaltsamen und wertvollen B\u00f6rseninformationen. Mein in K\u00fcrze endendes Abo verl\u00e4ngere ich sehr gerne.<\/p>\n<p>Viele Gr\u00fc\u00dfe aus Unterfranken<\/p>\n<p>Harald aus Zeil am Main<\/p>\n<p>ANTWORT:<\/p>\n<p>Herzlichen Dank f\u00fcr Ihr freundliches Schreiben.<\/p>\n<p>Die Erfolgsgeschichte Porsches ist schon erstaunlich. Vieles ist auf Porsche-Chef Wendelin Wiedeking zur\u00fcckzuf\u00fchren. Ich w\u00fcrde einmal pauschal sagen, solange er am Ruder ist, sollte sich eine Anlage in Porsche-Aktien lohnen. Und dazu ist der R\u00fcckschlag um 40% eine gute Gelegenheit.<\/p>\n<p>Porsche w\u00e4chst mit mit 14% p.a., hat jedoch ein niedriges KGV von nur 11. Die Dividendenrendite von 0,66% ist niedrig. Sie spekulieren bei Porsche also auf einen erneuten Kursanstieg. Die Bilanz ist sauber, im kommenden Jahr sollen die langfristigen Schulden von 500 Mrd. Euro abgearbeitet werden, Ende 2009 sollen 800 Mio. Euro Kapital auf den Konten liegen.<\/p>\n<p>Die \u00dcbernahme von VW er\u00f6ffnet Porsche ganz neue Kalkulationsm\u00f6glichkeiten als auch neue Vertriebswege f\u00fcr Porsche. Aus unternehmerischer Sicht ist das ein Gewinn f\u00fcr Porsche. Ich kann leider noch nicht absehen, wie gut sich Porsche mit dem Einfluss unserer Politiker arrangieren wird.<\/p>\n<p>Gestern hat Porsche Zahlen ver\u00f6ffentlicht und Wiedeking hat einen Ausblick gegeben. Er rechnet mit einem Konjunkturabschwung in den USA und setzt auf China und Russland. Ich halte diese Sicht f\u00fcr gut, denn auch Wiedeking hat verstanden, dass \u00fcberdurchschnittliches Wachstum derzeit nur von Schwellenl\u00e4ndern zu erwarten ist. Er stellt sich auf einen Abschwung ein, f\u00fcrchtet aber keine Rezession. Ich sehe das genauso.<\/p>\n<p>Also: Porsche ist f\u00fcr mich ein Kauf. Ich w\u00fcrde allerdings bei den ersten Anzeichen eines Abschieds von Wiedeking die Aktie sofort verkaufen. {weiter[40|9]}<\/p>\n","protected":false},"excerpt":{"rendered":"<p>Sehr geehrter Herr Heibel, vor einigen Jahren war ich in Porsche investiert. Leider habe ich damals zu fr\u00fch verkauft und konnte am gro\u00dfen Anstieg nicht teilhaben. In den letzten 3 Monaten hat Porsche (WKN 693773) 40% verloren. Spricht aus Ihrer Sicht etwas dagegen zum jetzigen Kurs einzukaufen oder erwarten Sie weitere Verluste? Die Anlage ist [&hellip;]<\/p>\n","protected":false},"author":1,"featured_media":0,"comment_status":"closed","ping_status":"open","sticky":false,"template":"","format":"standard","meta":{"footnotes":""},"categories":[2],"tags":[9,11,15,10,12],"class_list":["post-406","post","type-post","status-publish","format-standard","hentry","category-leserfragen","tag-aktien-analyse","tag-aktien-boerse","tag-boersenanalyse","tag-boersenbrief","tag-boersenkurse"],"_links":{"self":[{"href":"https:\/\/www.heibel-ticker.de\/blog\/wp-json\/wp\/v2\/posts\/406","targetHints":{"allow":["GET"]}}],"collection":[{"href":"https:\/\/www.heibel-ticker.de\/blog\/wp-json\/wp\/v2\/posts"}],"about":[{"href":"https:\/\/www.heibel-ticker.de\/blog\/wp-json\/wp\/v2\/types\/post"}],"author":[{"embeddable":true,"href":"https:\/\/www.heibel-ticker.de\/blog\/wp-json\/wp\/v2\/users\/1"}],"replies":[{"embeddable":true,"href":"https:\/\/www.heibel-ticker.de\/blog\/wp-json\/wp\/v2\/comments?post=406"}],"version-history":[{"count":1,"href":"https:\/\/www.heibel-ticker.de\/blog\/wp-json\/wp\/v2\/posts\/406\/revisions"}],"predecessor-version":[{"id":5351,"href":"https:\/\/www.heibel-ticker.de\/blog\/wp-json\/wp\/v2\/posts\/406\/revisions\/5351"}],"wp:attachment":[{"href":"https:\/\/www.heibel-ticker.de\/blog\/wp-json\/wp\/v2\/media?parent=406"}],"wp:term":[{"taxonomy":"category","embeddable":true,"href":"https:\/\/www.heibel-ticker.de\/blog\/wp-json\/wp\/v2\/categories?post=406"},{"taxonomy":"post_tag","embeddable":true,"href":"https:\/\/www.heibel-ticker.de\/blog\/wp-json\/wp\/v2\/tags?post=406"}],"curies":[{"name":"wp","href":"https:\/\/api.w.org\/{rel}","templated":true}]}}