{"id":440,"date":"2008-02-25T13:19:52","date_gmt":"2008-02-25T12:19:52","guid":{"rendered":"http:\/\/www.heibel-unplugged.de\/440,hu-link\/"},"modified":"2022-02-09T10:13:58","modified_gmt":"2022-02-09T09:13:58","slug":"hu-link","status":"publish","type":"post","link":"https:\/\/www.heibel-ticker.de\/blog\/hu-link\/","title":{"rendered":"Aktien Analyse: Vorsicht bei Balda, Garmin kaufen!"},"content":{"rendered":"<p>Hallo Herr Heibel,<\/p>\n<p>folgende Fragen zu zwei \u201eheruntergepr\u00fcgelten\u201c Depotwerten von mir:<\/p>\n<p>1) Balda<\/p>\n<p>Ist Balda nunmehr bei 4\u20ac ein Kauf oder sollte ich mich von diesem Wert bei einer technischen Erholung trennen? Bei den Analysten gehen die Meinungen auseinander, das Vertrauen der Anleger scheint nach den Entt\u00e4uschungen der letzten Zeit verloren.<\/p>\n<p><img decoding=\"async\" src=\"https:\/\/isht.comdirect.de\/charts\/big.chart?hist=6m&amp;type=CONNECTLINE&amp;ind0=VOLUME&amp;&amp;currency=&amp;&amp;lSyms=BAD.ETR&amp;lColors=0x000000&amp;sSym=BAD.ETR&amp;hcmask=\" alt=\"\" title=\"\"><br \/>\n6-Monatschart Balda<\/p>\n<p>2) Garmin<\/p>\n<p>Beim aktuellen Kurs liegt das KGV nunmehr im niedrigen zweistelligen Bereich und erscheint damit g\u00fcnstig. Sind die schwindenden Margen aufgrund des Preisverfalls bei Navis der Grund f\u00fcr die niedrige Bewertung?<\/p>\n<p><img decoding=\"async\" src=\"http:\/\/chart.finance.yahoo.com\/c\/1y\/g\/grmn\" alt=\"\" title=\"\"><br \/>\n6-Monatschart Garmin<\/p>\n<p>Bitte lassen Sie mir Ihre Meinung zu beiden Werten zukommen.<\/p>\n<p>Vielen Dank &amp; viele Gr\u00fc\u00dfe, Edgar aus Coburg<\/p>\n<p>ANTWORT:<\/p>\n<p>BALDA<\/p>\n<p>Balda verhandelt derzeit mit dem Finanzinvestor Aurelius \u00fcber den Verkauf seiner Handyschalensparte. Das Handyschalengesch\u00e4ft ist seit der Pleite von BenQ ein Verlustbringer und der potentielle K\u00e4ufer verlangt weitreichende Kompensationen von Balda.<\/p>\n<p>Der Bereich der Touchscreens ist der Hoffnungsschimmer des Unternehmens. Aber das ist er schon seit \u00fcber einem Jahr und noch immer ist das Unternehmen am straucheln. Ich w\u00fcrde bei Balda so langsam die Geduld verlieren. Am 19.3. wird das Jahresergebnis ver\u00f6ffentlicht.<\/p>\n<p>Also: Schlimmer kann&#8217;s nimmer oder rette sich wer kann? Balda gibt kaum Einblick in den Verlauf der unterschiedlichen Gesch\u00e4ftsbereiche, insbesondere die Handyschalensparte sowie der Touchscreenbereich w\u00fcrden mich interessieren. Ich kann ohne diese Informationen nicht beurteilen, ob der Ausblick des Unternehmens in Ordnung ist oder ma\u00dflos \u00fcberzogen. Sollte er sich als in Ordnung herausstellen, dann ist die Aktie derzeit zu stark verkauft worden. Aber wenn noch weitere Leichen auftauchen, dann kann es noch kr\u00e4ftig nach unten gehen.<\/p>\n<p>Aurelius als potentieller K\u00e4ufer ist ein z\u00e4her Knochen, sie werden so viel rausschlagen, wie nur geht. Bei der aktuellen Marktlage kann Balda kaum darauf hoffen, weitere Bieter \/ Interessenten zu finden.<\/p>\n<p>Vielleicht hilft Ihnen diese Idee: Einer von beiden wird gewinnen: Aurelius oder Balda. Derzeit sind beide Unternehmen niedergepr\u00fcgelt: Balda aufgrund des schwebenden Verkaufs, Aurelius aufgrund der Kreditmarktkrise. Vielleicht verkaufen Sie die H\u00e4lfte Ihrer Balda-Aktien und kaufen Aurelius davon (WKN A0JK2A). Wenn der Vertrag abgeschlossen wird, sollte einer von beiden abheben &#8211; der andere sollte auf der Stelle verharren, denn abgestraft sind beide genug.<\/p>\n<p>GARMIN<\/p>\n<p>Ein KGV von 19 bei einem Umsatzwachstum von 78%, prognostiziert werden weiterhin mindestens 20% p.a. f\u00fcr die n\u00e4chsten 5 Jahre. Na, da w\u00fcrde ich sagen: Das ist ein Schn\u00e4ppchen. In zwei bis drei Jahren sollte sich diese Aktie verdoppelt haben.<\/p>\n<p>Aber zuvor kann es nochmals abw\u00e4rts gehen, denn die Wallstreet mag derzeit keine Wachstumsunternehmen. Wenn eine Rezession droht, werden keine Wachstumsunternehmen gekauft, denn Wachstumsunternehmen haben meist keinen angestammten, konjunkturunabh\u00e4ngigen Markt, sondern w\u00fcrden von K\u00e4uferzur\u00fcckhaltung \u00fcberproportional schwer getroffen.<\/p>\n<p>Einen Preiskampf wird es geben, aber es wird noch einige Jahre brauchen, bis die GPS-Empf\u00e4nger in Handys qualitativ \u00fcberzeugen. In dieser Zeit werden die vielen Spezialger\u00e4te von Garmin weiterhin nachgefragt werden. Vorr\u00fcbergehende Zweifel k\u00f6nnen die Aktie zwar unter Druck bringen, aber ich glaube, bei 60 USD sollte der Boden halten. {weiter[40|9]}<\/p>\n","protected":false},"excerpt":{"rendered":"<p>Hallo Herr Heibel, folgende Fragen zu zwei \u201eheruntergepr\u00fcgelten\u201c Depotwerten von mir: 1) Balda Ist Balda nunmehr bei 4\u20ac ein Kauf oder sollte ich mich von diesem Wert bei einer technischen Erholung trennen? Bei den Analysten gehen die Meinungen auseinander, das Vertrauen der Anleger scheint nach den Entt\u00e4uschungen der letzten Zeit verloren. 6-Monatschart Balda 2) Garmin [&hellip;]<\/p>\n","protected":false},"author":1,"featured_media":0,"comment_status":"closed","ping_status":"open","sticky":false,"template":"","format":"standard","meta":{"footnotes":""},"categories":[2],"tags":[9,11,15,10,12],"class_list":["post-440","post","type-post","status-publish","format-standard","hentry","category-leserfragen","tag-aktien-analyse","tag-aktien-boerse","tag-boersenanalyse","tag-boersenbrief","tag-boersenkurse"],"_links":{"self":[{"href":"https:\/\/www.heibel-ticker.de\/blog\/wp-json\/wp\/v2\/posts\/440","targetHints":{"allow":["GET"]}}],"collection":[{"href":"https:\/\/www.heibel-ticker.de\/blog\/wp-json\/wp\/v2\/posts"}],"about":[{"href":"https:\/\/www.heibel-ticker.de\/blog\/wp-json\/wp\/v2\/types\/post"}],"author":[{"embeddable":true,"href":"https:\/\/www.heibel-ticker.de\/blog\/wp-json\/wp\/v2\/users\/1"}],"replies":[{"embeddable":true,"href":"https:\/\/www.heibel-ticker.de\/blog\/wp-json\/wp\/v2\/comments?post=440"}],"version-history":[{"count":1,"href":"https:\/\/www.heibel-ticker.de\/blog\/wp-json\/wp\/v2\/posts\/440\/revisions"}],"predecessor-version":[{"id":5382,"href":"https:\/\/www.heibel-ticker.de\/blog\/wp-json\/wp\/v2\/posts\/440\/revisions\/5382"}],"wp:attachment":[{"href":"https:\/\/www.heibel-ticker.de\/blog\/wp-json\/wp\/v2\/media?parent=440"}],"wp:term":[{"taxonomy":"category","embeddable":true,"href":"https:\/\/www.heibel-ticker.de\/blog\/wp-json\/wp\/v2\/categories?post=440"},{"taxonomy":"post_tag","embeddable":true,"href":"https:\/\/www.heibel-ticker.de\/blog\/wp-json\/wp\/v2\/tags?post=440"}],"curies":[{"name":"wp","href":"https:\/\/api.w.org\/{rel}","templated":true}]}}