{"id":4986,"date":"2021-10-21T10:17:11","date_gmt":"2021-10-21T08:17:11","guid":{"rendered":"https:\/\/www.heibel-unplugged.de\/?p=4986"},"modified":"2022-02-09T10:19:28","modified_gmt":"2022-02-09T09:19:28","slug":"heibel-ticker-fahrplan-fuer-die-boerse-bis-weihnachten","status":"publish","type":"post","link":"https:\/\/www.heibel-ticker.de\/blog\/heibel-ticker-fahrplan-fuer-die-boerse-bis-weihnachten\/","title":{"rendered":"Heibel-Ticker Fahrplan f\u00fcr die B\u00f6rse bis Weihnachten"},"content":{"rendered":"\n<p>Die Schwarzmalerei hatte in den vergangenen Wochen \u00dcberhand gewonnen. Die nun aufkeimende Hoffnung, dass die Probleme zu beherrschen sind, halte ich f\u00fcr gesund &#8211; wenngleich eine Skepsis hinsichtlich einiger Branchen weiterhin angebracht ist.<\/p>\n\n\n\n<p>So k\u00f6nnte ich mir durchaus vorstellen, dass die Rohstoffm\u00e4rkte \u00fcberhitzt sind. Eine Abk\u00fchlung auf den Energiem\u00e4rkten, sowie bei den vielen anderen Rohstoffen, die wir in den vergangenen Wochen immer wieder besprochen haben, w\u00fcrde der Konjunktur Auftrieb geben. Es bleibt also bei der Einsch\u00e4tzung vom Fr\u00fchjahr, dass die n\u00e4chste B\u00f6rsenhausse auch von konjunktursensiblen Industrietiteln mitgetragen wird.<\/p>\n\n\n\n<p>Hinsichtlich der Inflations\u00e4ngste wird sich vermutlich die Schwarz\/Wei\u00df-Malerei mit Graut\u00f6nen besch\u00e4ftigen m\u00fcssen: Wir werden weder eine galoppierende Inflation sehen, noch eine R\u00fcckkehr unter die 2%. Vielleicht sollten wir uns schon einmal darauf einstellen, dass eine Inflation zwischen 2 und 5% k\u00fcnftig als normal betrachtet werden k\u00f6nnte.<\/p>\n\n\n\n<p>Die globalen Logistikprobleme haben dazu gef\u00fchrt, dass Unternehmen ihre Lagerbest\u00e4nde auff\u00fcllen, um etwaige Durststrecken besser durchstehen zu k\u00f6nnen. H\u00f6here Lagerbest\u00e4nde schlagen sich in der Bilanz durch ein h\u00f6heres Working Capital aus, also mehr Kapital ist im Produktionsprozess eingesetzt. Die schlanken Bilanzen der Vergangenheit geben das h\u00e4ufig nicht her, Unternehmen m\u00fcssen bei den Banken ihre Kreditlinien erh\u00f6hen.<\/p>\n\n\n\n<p>Davon profitieren nat\u00fcrlich die Banken, die meiner Einsch\u00e4tzung nach in den kommenden Monaten zu den Gewinnern geh\u00f6ren werden.<\/p>\n\n\n\n<p>Ich warte zwar bereits den gesamte Sommer darauf, dass diese Seitw\u00e4rtsbewegung endlich endet. Nun habe ich meine Erwartung der Realit\u00e4t angepasst: Ich gehe nun davon aus, dass wir ab Anfang November eine Fortsetzung der Rallye sehen werden. Mit aktuell knapp 20% Cash haben wir noch reichlich Liquidit\u00e4t, die wir in den kommenden zwei Wochen gezielt einsetzen k\u00f6nnen.<\/p>\n\n\n\n<p>Vielleicht kommen ja nochmals R\u00fcckschl\u00e4ge in unseren Favoriten, die wir nutzen k\u00f6nnen. Andernfalls habe ich mir vorgenommen, die Cash-Position bis Ende Oktober deutlich, wenn nicht gar vollst\u00e4ndig, herunterzufahren. Anfang November k\u00f6nnte es meinen Tr\u00e4umen zufolge dann nochmals kr\u00e4ftige Kurssteigerungen geben, bevor wir dann moderat freundlich in die Weihnachtszeit gehen.<\/p>\n\n\n\n<hr class=\"wp-block-separator\"\/>\n\n\n\n<p>Updates werde ich wie immer in meinen w\u00f6chentlichen Heibel-Ticker Ausgaben ver\u00f6ffentlichen und PLUS Leser bekommen in dringenden F\u00e4llen unter der Woche Updates in Ihre Mailf\u00e4cher und Express-SMS. Wie unser Portfolio aktuell aussieht und welche letzten Empfehlungen ich verschickt habe, k\u00f6nnen Sie im Heibel-Ticker PLUS Bereich einsehen. <\/p>\n\n\n\n<p>Konkrete Informationen sind aus Gr\u00fcnden der Fairness den zahlenden Heibel-Ticker PLUS Lesern vorbehalten. Bei Interesse empfehle ich das Schnupperabo f\u00fcr 20 Euro \u00fcber 6 Wochen mit 6 Ausgaben sowie PLUS-Updates per Mail und SMS. Zus\u00e4tzlich k\u00f6nnen mit dem Schnupperabo die letzten Empfehlungen sowie K\u00e4ufe und Verk\u00e4ufe unseres Heibel-Ticker Musterdepot eingesehen werden: <a href=\"https:\/\/www.heibel-ticker.de\/empfehlung?id=40&amp;refID=9\" target=\"_blank\" data-type=\"URL\" rel=\"noreferrer noopener\">heibel-ticker.de<\/a><\/p>\n","protected":false},"excerpt":{"rendered":"<p>Die Schwarzmalerei hatte in den vergangenen Wochen \u00dcberhand gewonnen. Die nun aufkeimende Hoffnung, dass die Probleme zu beherrschen sind, halte ich f\u00fcr gesund &#8211; wenngleich eine Skepsis hinsichtlich einiger Branchen weiterhin angebracht ist. So k\u00f6nnte ich mir durchaus vorstellen, dass die Rohstoffm\u00e4rkte \u00fcberhitzt sind. Eine Abk\u00fchlung auf den Energiem\u00e4rkten, sowie bei den vielen anderen Rohstoffen, [&hellip;]<\/p>\n","protected":false},"author":7675,"featured_media":4987,"comment_status":"closed","ping_status":"open","sticky":false,"template":"","format":"standard","meta":{"footnotes":""},"categories":[3,744],"tags":[5,624,299,827,313],"class_list":["post-4986","post","type-post","status-publish","format-standard","has-post-thumbnail","hentry","category-markteinschatzung","category-plus-empfehlung","tag-boerse","tag-energiemarkt","tag-inflation","tag-konjunktur","tag-rohstoffe"],"_links":{"self":[{"href":"https:\/\/www.heibel-ticker.de\/blog\/wp-json\/wp\/v2\/posts\/4986","targetHints":{"allow":["GET"]}}],"collection":[{"href":"https:\/\/www.heibel-ticker.de\/blog\/wp-json\/wp\/v2\/posts"}],"about":[{"href":"https:\/\/www.heibel-ticker.de\/blog\/wp-json\/wp\/v2\/types\/post"}],"author":[{"embeddable":true,"href":"https:\/\/www.heibel-ticker.de\/blog\/wp-json\/wp\/v2\/users\/7675"}],"replies":[{"embeddable":true,"href":"https:\/\/www.heibel-ticker.de\/blog\/wp-json\/wp\/v2\/comments?post=4986"}],"version-history":[{"count":1,"href":"https:\/\/www.heibel-ticker.de\/blog\/wp-json\/wp\/v2\/posts\/4986\/revisions"}],"predecessor-version":[{"id":4988,"href":"https:\/\/www.heibel-ticker.de\/blog\/wp-json\/wp\/v2\/posts\/4986\/revisions\/4988"}],"wp:featuredmedia":[{"embeddable":true,"href":"https:\/\/www.heibel-ticker.de\/blog\/wp-json\/wp\/v2\/media\/4987"}],"wp:attachment":[{"href":"https:\/\/www.heibel-ticker.de\/blog\/wp-json\/wp\/v2\/media?parent=4986"}],"wp:term":[{"taxonomy":"category","embeddable":true,"href":"https:\/\/www.heibel-ticker.de\/blog\/wp-json\/wp\/v2\/categories?post=4986"},{"taxonomy":"post_tag","embeddable":true,"href":"https:\/\/www.heibel-ticker.de\/blog\/wp-json\/wp\/v2\/tags?post=4986"}],"curies":[{"name":"wp","href":"https:\/\/api.w.org\/{rel}","templated":true}]}}